{"id":3808,"date":"2024-05-21T12:27:34","date_gmt":"2024-05-21T10:27:34","guid":{"rendered":"https:\/\/bertrand.pl\/?p=3808"},"modified":"2024-12-17T13:41:57","modified_gmt":"2024-12-17T12:41:57","slug":"windows-reparieren","status":"publish","type":"post","link":"https:\/\/bertrand.pl\/de\/okna-fix\/","title":{"rendered":"Fenster reparieren \u2013 warum lohnt es sich, sie f\u00fcr Ihr Zuhause zu kaufen?"},"content":{"rendered":"<p>Sind Sie schon einmal auf das Konzept gesto\u00dfen? <strong>Fix<\/strong> im Zusammenhang mit Windows? Obwohl der Begriff in der Baubranche wohlbekannt ist, mag er f\u00fcr Au\u00dfenstehende fremdartig erscheinen. Fix ist ein station\u00e4res Element der Fensterstruktur, das sich nicht \u00f6ffnet. Es wird h\u00e4ufig als Erg\u00e4nzung zu Standard-\u00d6ffnungsfenstern eingesetzt, um der Geb\u00e4udefassade mehr Licht und ein harmonisches Erscheinungsbild zu verleihen.<\/p>\n\n\n\n<h4 class=\"wp-block-heading\">Wo werden Fixfenster eingesetzt?<\/h4>\n\n\n\n<p>Festfenster erfreuen sich sowohl bei Einfamilienh\u00e4usern als auch bei gr\u00f6\u00dferen Objekten gro\u00dfer Beliebtheit. Sie k\u00f6nnen aus Holz, Aluminium oder PVC hergestellt werden und passen sich so dem Stil des Geb\u00e4udes an. Sie eignen sich besonders gut f\u00fcr:<\/p>\n\n\n\n<p><strong>Ungew\u00f6hnliche Arrangements<\/strong> \u2013 erm\u00f6glichen die Integration mit anderen architektonischen Elementen wie Terrassent\u00fcren oder Schiebefenstern.<\/p>\n\n\n\n<p><strong>Gro\u00dfe Verglasung<\/strong> \u2013 als Element moderner Designs, die einen Panoramablick erfordern.<\/p>\n\n\n\n<p><strong>Erg\u00e4nzung zu Standardfenstern<\/strong> \u2013 Gew\u00e4hrleistung einer gleichm\u00e4\u00dfigen Beleuchtung der Innenr\u00e4ume.<\/p>\n\n\n\n<figure class=\"wp-block-image size-large is-resized\"><img fetchpriority=\"high\" decoding=\"async\" width=\"1360\" height=\"907\" src=\"https:\/\/bertrand.pl\/wp-content\/uploads\/2024\/05\/drywa_lubowidz-36-1360x907.jpg\" alt=\"Fixfenster sind eine \u00e4sthetische und sehr langlebige L\u00f6sung. \" class=\"wp-image-3816\" style=\"width:626px;height:auto\" srcset=\"https:\/\/bertrand.pl\/wp-content\/uploads\/2024\/05\/drywa_lubowidz-36-1360x907.jpg 1360w, https:\/\/bertrand.pl\/wp-content\/uploads\/2024\/05\/drywa_lubowidz-36-420x280.jpg 420w, https:\/\/bertrand.pl\/wp-content\/uploads\/2024\/05\/drywa_lubowidz-36-768x512.jpg 768w, https:\/\/bertrand.pl\/wp-content\/uploads\/2024\/05\/drywa_lubowidz-36-1536x1024.jpg 1536w, https:\/\/bertrand.pl\/wp-content\/uploads\/2024\/05\/drywa_lubowidz-36-2048x1365.jpg 2048w, https:\/\/bertrand.pl\/wp-content\/uploads\/2024\/05\/drywa_lubowidz-36-18x12.jpg 18w, https:\/\/bertrand.pl\/wp-content\/uploads\/2024\/05\/drywa_lubowidz-36-600x400.jpg 600w\" sizes=\"(max-width: 1360px) 100vw, 1360px\" \/><\/figure>\n\n\n\n<p>Panoramafenster erfreuen sich nicht nur gro\u00dfer Beliebtheit, weil sie Innenr\u00e4ume effektiv beleuchten, sondern auch die Struktur des Hauses interessanter machen. Das Potenzial dieser Fenster l\u00e4sst sich vielf\u00e4ltig nutzen. Sie beleuchten jeden Raum, in dem sie installiert sind, perfekt. Dar\u00fcber hinaus erm\u00f6glichen sie die effektive Nutzung nat\u00fcrlicher Sonnenenergie zur Innenraumheizung.<\/p>\n\n\n\n<p>Umsetzung von Fix-Panoramafenstern \u2013 ein Beispiel aus der Praxis<\/p>\n\n\n\n<p>Unser Kunde, Herr Adam, hat sich f\u00fcr Fenster entschieden <strong>Panorama-Fix<\/strong> im System <strong>MB Slimline<\/strong>. Dank seines niedrigen Profils kann man vom Wohnzimmer aus den sch\u00f6nen Garten bewundern und viel Sonnenlicht genie\u00dfen. Dar\u00fcber hinaus platzierte er die festen Fenster so, dass man auch vom Wohnzimmer aus die Garage und den eleganten Hauseingang sehen konnte.<\/p>\n\n\n\n<figure class=\"wp-block-image size-large is-resized\"><img decoding=\"async\" width=\"1360\" height=\"907\" src=\"https:\/\/bertrand.pl\/wp-content\/uploads\/2024\/05\/drywa_lubowidz-20-1360x907.jpg\" alt=\"Reparieren Sie Fenster in einem unserer Projekte. \" class=\"wp-image-3818\" style=\"width:631px;height:auto\" srcset=\"https:\/\/bertrand.pl\/wp-content\/uploads\/2024\/05\/drywa_lubowidz-20-1360x907.jpg 1360w, https:\/\/bertrand.pl\/wp-content\/uploads\/2024\/05\/drywa_lubowidz-20-420x280.jpg 420w, https:\/\/bertrand.pl\/wp-content\/uploads\/2024\/05\/drywa_lubowidz-20-768x512.jpg 768w, https:\/\/bertrand.pl\/wp-content\/uploads\/2024\/05\/drywa_lubowidz-20-1536x1024.jpg 1536w, https:\/\/bertrand.pl\/wp-content\/uploads\/2024\/05\/drywa_lubowidz-20-2048x1365.jpg 2048w, https:\/\/bertrand.pl\/wp-content\/uploads\/2024\/05\/drywa_lubowidz-20-18x12.jpg 18w, https:\/\/bertrand.pl\/wp-content\/uploads\/2024\/05\/drywa_lubowidz-20-600x400.jpg 600w\" sizes=\"(max-width: 1360px) 100vw, 1360px\" \/><\/figure>\n\n\n\n<h4 class=\"wp-block-heading\">Vorteile fester Panoramafenster<\/h4>\n\n\n\n<ol class=\"wp-block-list\">\n<li><strong>Mehr Licht<\/strong><br>Die Panoramaverglasung sorgt f\u00fcr viel nat\u00fcrliches Licht, das eine angenehme Atmosph\u00e4re schafft und das Wohlbefinden steigert.<\/li>\n\n\n\n<li><strong>Bessere Ansichten<\/strong><br>Mit festen Fenstern k\u00f6nnen Sie die Sch\u00f6nheit der Landschaft genie\u00dfen, ohne Ihr Zuhause zu verlassen. Dies ist eine ideale L\u00f6sung f\u00fcr H\u00e4user mit Garten oder Blick in die Natur.<\/li>\n\n\n\n<li><strong>Gro\u00dfz\u00fcgiger Effekt<\/strong><br>Gro\u00dfe Verglasungen vergr\u00f6\u00dfern die R\u00e4ume optisch, was besonders in kleineren Innenr\u00e4umen wichtig ist.<\/li>\n\n\n\n<li><strong>Modernes Design<\/strong><br>Panoramafenster verleihen Geb\u00e4uden ein modernes und elegantes Aussehen und steigern ihre Attraktivit\u00e4t und ihren Marktwert.<\/li>\n<\/ol>\n\n\n\n<p><\/p>\n\n\n\n<figure class=\"wp-block-image size-large is-resized\"><img decoding=\"async\" width=\"1360\" height=\"907\" src=\"https:\/\/bertrand.pl\/wp-content\/uploads\/2024\/05\/drywa_lubowidz-06-1360x907.jpg\" alt=\"Von Bertrand implementierte Fenster reparieren. \" class=\"wp-image-3821\" style=\"width:636px;height:auto\" srcset=\"https:\/\/bertrand.pl\/wp-content\/uploads\/2024\/05\/drywa_lubowidz-06-1360x907.jpg 1360w, https:\/\/bertrand.pl\/wp-content\/uploads\/2024\/05\/drywa_lubowidz-06-420x280.jpg 420w, https:\/\/bertrand.pl\/wp-content\/uploads\/2024\/05\/drywa_lubowidz-06-768x512.jpg 768w, https:\/\/bertrand.pl\/wp-content\/uploads\/2024\/05\/drywa_lubowidz-06-1536x1024.jpg 1536w, https:\/\/bertrand.pl\/wp-content\/uploads\/2024\/05\/drywa_lubowidz-06-2048x1365.jpg 2048w, https:\/\/bertrand.pl\/wp-content\/uploads\/2024\/05\/drywa_lubowidz-06-18x12.jpg 18w, https:\/\/bertrand.pl\/wp-content\/uploads\/2024\/05\/drywa_lubowidz-06-600x400.jpg 600w\" sizes=\"(max-width: 1360px) 100vw, 1360px\" \/><\/figure>\n\n\n\n<h4 class=\"wp-block-heading\">Nachteile von Panoramafenstern<\/h4>\n\n\n\n<ol class=\"wp-block-list\">\n<li><strong>Gr\u00f6\u00dfere W\u00e4rmeverluste<\/strong><br>Gro\u00dfe Glasfl\u00e4chen k\u00f6nnen zu W\u00e4rmeverlusten f\u00fchren. Deshalb sind Fenster mit einem niedrigen W\u00e4rmedurchgangskoeffizienten wichtig (<strong>Uw<\/strong>).<\/li>\n\n\n\n<li><strong>Gefahr der \u00dcberhitzung von R\u00e4umen<\/strong><br>Im Sommer, insbesondere bei S\u00fcdausrichtung, kann es zu einer Erw\u00e4rmung der R\u00e4ume kommen. Dabei helfen Rollos, Jalousien und Markisen.<\/li>\n\n\n\n<li><strong>H\u00f6here Kosten<\/strong><br>Sowohl die Anschaffung als auch der Einbau gro\u00dfer Fenster sind teurer. Dar\u00fcber hinaus kann die Reinigung gro\u00dfer Fenster anspruchsvoller sein.<\/li>\n\n\n\n<li><strong>Schwierigkeiten, sauber zu bleiben<\/strong><br>Um gro\u00dfe Fenster, insbesondere in den oberen Stockwerken, sauber zu halten, sind m\u00f6glicherweise professionelle Dienste erforderlich.<\/li>\n<\/ol>\n\n\n\n<p><\/p>\n\n\n\n<figure class=\"wp-block-image size-large is-resized\"><img loading=\"lazy\" decoding=\"async\" width=\"1360\" height=\"907\" src=\"https:\/\/bertrand.pl\/wp-content\/uploads\/2024\/05\/drywa_lubowidz-43-1360x907.jpg\" alt=\"\" class=\"wp-image-3820\" style=\"width:625px;height:auto\" srcset=\"https:\/\/bertrand.pl\/wp-content\/uploads\/2024\/05\/drywa_lubowidz-43-1360x907.jpg 1360w, https:\/\/bertrand.pl\/wp-content\/uploads\/2024\/05\/drywa_lubowidz-43-420x280.jpg 420w, https:\/\/bertrand.pl\/wp-content\/uploads\/2024\/05\/drywa_lubowidz-43-768x512.jpg 768w, https:\/\/bertrand.pl\/wp-content\/uploads\/2024\/05\/drywa_lubowidz-43-1536x1024.jpg 1536w, https:\/\/bertrand.pl\/wp-content\/uploads\/2024\/05\/drywa_lubowidz-43-2048x1365.jpg 2048w, https:\/\/bertrand.pl\/wp-content\/uploads\/2024\/05\/drywa_lubowidz-43-18x12.jpg 18w, https:\/\/bertrand.pl\/wp-content\/uploads\/2024\/05\/drywa_lubowidz-43-600x400.jpg 600w\" sizes=\"(max-width: 1360px) 100vw, 1360px\" \/><\/figure>\n\n\n\n<h4 class=\"wp-block-heading\">Wie w\u00e4hlt man energiesparende Panoramafenster aus?<\/h4>\n\n\n\n<p>Bei der Auswahl von Panoramafenstern lohnt es sich, auf mehrere wichtige Aspekte zu achten, die die thermische Effizienz gew\u00e4hrleisten:<\/p>\n\n\n\n<h4 class=\"wp-block-heading\"><strong>1. W\u00e4rme\u00fcbergangskoeffizient (Uw)<\/strong><\/h4>\n\n\n\n<p>Moderne Energiesparfenster verf\u00fcgen \u00fcber <strong>Uw<\/strong> auf einem Niveau von ca <strong>1 W\/m\u00b2K<\/strong>. Bei Passivfenstern kann dieser Wert unterschritten werden <strong>0,8 W\/m\u00b2K<\/strong>.<\/p>\n\n\n\n<h4 class=\"wp-block-heading\"><strong>2. Isolierung von Profilen und Glas<\/strong><\/h4>\n\n\n\n<ul class=\"wp-block-list\">\n<li><strong>Fensterprofil (Uf)<\/strong> \u2013 sein Wert sollte maximal sein <strong>1,1 W\/m\u00b2K<\/strong>.<\/li>\n\n\n\n<li><strong>Glasdurchl\u00e4ssigkeit (Ug)<\/strong> \u2013 optimale Fenster mit Edelgas, z.B. Argon, haben <strong>Ug<\/strong> um <strong>0,7 W\/m\u00b2K<\/strong>.<\/li>\n<\/ul>\n\n\n\n<h4 class=\"wp-block-heading\"><strong>3. Feste Montage<\/strong><\/h4>\n\n\n\n<p>Der richtige Einbau von Fenstern in die D\u00e4mmschicht gew\u00e4hrleistet die beste W\u00e4rmed\u00e4mmung. Ohne eine dichte Montage verlieren selbst die besten Fenster ihre Eigenschaften.<\/p>\n\n\n\n<p>Fix-Panoramafenster sind eine perfekte L\u00f6sung, die \u00c4sthetik, Funktionalit\u00e4t und modernes Design vereint. Obwohl sie m\u00f6glicherweise eine gr\u00f6\u00dfere Investition erfordern, sorgt die richtige Auswahl der technischen Parameter und Materialien f\u00fcr Energieeffizienz und Nutzungskomfort. Dank ihnen sind die Innenr\u00e4ume besser beleuchtet, ger\u00e4umiger und bieten eine sch\u00f6ne Aussicht.<\/p>\n\n\n\n<p><strong>M\u00f6chten Sie mehr \u00fcber fixe Panoramafenster erfahren? Kontaktieren Sie unsere Spezialisten! Sie helfen Ihnen bei der Auswahl der perfekten L\u00f6sung f\u00fcr Ihr Zuhause.<\/strong><\/p>\n\n\n\n<p><\/p>","protected":false},"excerpt":{"rendered":"<p>Czy spotka\u0142e\u015b si\u0119 kiedy\u015b z poj\u0119ciem fix w kontek\u015bcie okien? Cho\u0107 w bran\u017cy budowlanej termin jest dobrze znany, dla os\u00f3b spoza niej mo\u017ce wydawa\u0107 si\u0119 obcy. Fix to nieruchomy element konstrukcji okna, kt\u00f3ry nie otwiera si\u0119. Cz\u0119sto stosuje si\u0119 go jako uzupe\u0142nienie standardowych okien otwieranych, aby zapewni\u0107 wi\u0119cej \u015bwiat\u0142a i harmonijny wygl\u0105d fasady budynku. Gdzie [&hellip;]<\/p>\n","protected":false},"author":7,"featured_media":3816,"comment_status":"closed","ping_status":"closed","sticky":false,"template":"","format":"standard","meta":{"site-sidebar-layout":"default","site-content-layout":"","ast-site-content-layout":"default","site-content-style":"default","site-sidebar-style":"default","ast-global-header-display":"","ast-banner-title-visibility":"","ast-main-header-display":"","ast-hfb-above-header-display":"","ast-hfb-below-header-display":"","ast-hfb-mobile-header-display":"","site-post-title":"","ast-breadcrumbs-content":"","ast-featured-img":"","footer-sml-layout":"","ast-disable-related-posts":"","theme-transparent-header-meta":"","adv-header-id-meta":"","stick-header-meta":"","header-above-stick-meta":"","header-main-stick-meta":"","header-below-stick-meta":"","astra-migrate-meta-layouts":"default","ast-page-background-enabled":"default","ast-page-background-meta":{"desktop":{"background-color":"var(--ast-global-color-4)","background-image":"","background-repeat":"repeat","background-position":"center center","background-size":"auto","background-attachment":"scroll","background-type":"","background-media":"","overlay-type":"","overlay-color":"","overlay-opacity":"","overlay-gradient":""},"tablet":{"background-color":"","background-image":"","background-repeat":"repeat","background-position":"center center","background-size":"auto","background-attachment":"scroll","background-type":"","background-media":"","overlay-type":"","overlay-color":"","overlay-opacity":"","overlay-gradient":""},"mobile":{"background-color":"","background-image":"","background-repeat":"repeat","background-position":"center center","background-size":"auto","background-attachment":"scroll","background-type":"","background-media":"","overlay-type":"","overlay-color":"","overlay-opacity":"","overlay-gradient":""}},"ast-content-background-meta":{"desktop":{"background-color":"var(--ast-global-color-5)","background-image":"","background-repeat":"repeat","background-position":"center center","background-size":"auto","background-attachment":"scroll","background-type":"","background-media":"","overlay-type":"","overlay-color":"","overlay-opacity":"","overlay-gradient":""},"tablet":{"background-color":"var(--ast-global-color-5)","background-image":"","background-repeat":"repeat","background-position":"center center","background-size":"auto","background-attachment":"scroll","background-type":"","background-media":"","overlay-type":"","overlay-color":"","overlay-opacity":"","overlay-gradient":""},"mobile":{"background-color":"var(--ast-global-color-5)","background-image":"","background-repeat":"repeat","background-position":"center center","background-size":"auto","background-attachment":"scroll","background-type":"","background-media":"","overlay-type":"","overlay-color":"","overlay-opacity":"","overlay-gradient":""}},"footnotes":""},"categories":[58,157,156],"tags":[62,259,264,260,256,258,261,257,262,226,265,263],"class_list":["post-3808","post","type-post","status-publish","format-standard","has-post-thumbnail","hentry","category-blog","category-nasze-produkty","category-z-zycia-firmy","tag-bertrand","tag-fixy","tag-inspiracji","tag-jakie-okna-wybrac","tag-okna-fix","tag-okna-nieruchome","tag-okna-panoramiczne","tag-okna-stale","tag-panorama","tag-projekt-domu","tag-projektowanie-wnetrz","tag-widok"],"yoast_head":"<!-- This site is optimized with the Yoast SEO Premium plugin v27.2 (Yoast SEO v27.2) - https:\/\/yoast.com\/product\/yoast-seo-premium-wordpress\/ -->\n<title>Okna fix - dlaczego warto je kupi\u0107 dla swojego domu? - Bertrand. Najwy\u017cszej jako\u015bci okna i drzwi. Certyfikowany producent od 1969 roku.<\/title>\n<meta name=\"description\" content=\"Okna fix to rozwi\u0105zanie \u0142\u0105cz\u0105ce funkcjonalno\u015b\u0107 i nowoczesny design. Wn\u0119trza s\u0105 lepiej do\u015bwietlone i zachwycaj\u0105 pi\u0119knymi widokami.\" \/>\n<meta name=\"robots\" content=\"index, follow, max-snippet:-1, max-image-preview:large, max-video-preview:-1\" \/>\n<link rel=\"canonical\" href=\"https:\/\/bertrand.pl\/de\/windows-reparieren\/\" \/>\n<meta property=\"og:locale\" content=\"de_DE\" \/>\n<meta property=\"og:type\" content=\"article\" \/>\n<meta property=\"og:title\" content=\"Okna fix - dlaczego warto je kupi\u0107 dla swojego domu?\" \/>\n<meta property=\"og:description\" content=\"Okna fix to rozwi\u0105zanie \u0142\u0105cz\u0105ce funkcjonalno\u015b\u0107 i nowoczesny design. Wn\u0119trza s\u0105 lepiej do\u015bwietlone i zachwycaj\u0105 pi\u0119knymi widokami.\" \/>\n<meta property=\"og:url\" content=\"https:\/\/bertrand.pl\/de\/windows-reparieren\/\" \/>\n<meta property=\"og:site_name\" content=\"Bertrand. Najwy\u017cszej jako\u015bci okna i drzwi. Certyfikowany producent od 1969 roku.\" \/>\n<meta property=\"article:publisher\" content=\"https:\/\/www.facebook.com\/bertrandpolska\/\" \/>\n<meta property=\"article:published_time\" content=\"2024-05-21T10:27:34+00:00\" \/>\n<meta property=\"article:modified_time\" content=\"2024-12-17T12:41:57+00:00\" \/>\n<meta property=\"og:image\" content=\"https:\/\/bertrand.pl\/wp-content\/uploads\/2024\/05\/drywa_lubowidz-36-scaled.jpg\" \/>\n\t<meta property=\"og:image:width\" content=\"2560\" \/>\n\t<meta property=\"og:image:height\" content=\"1707\" \/>\n\t<meta property=\"og:image:type\" content=\"image\/jpeg\" \/>\n<meta name=\"author\" content=\"w.wachnik\" \/>\n<meta name=\"twitter:card\" content=\"summary_large_image\" \/>\n<meta name=\"twitter:label1\" content=\"Verfasst von\" \/>\n\t<meta name=\"twitter:data1\" content=\"w.wachnik\" \/>\n\t<meta name=\"twitter:label2\" content=\"Gesch\u00e4tzte Lesezeit\" \/>\n\t<meta name=\"twitter:data2\" content=\"5\u00a0Minuten\" \/>\n<script type=\"application\/ld+json\" class=\"yoast-schema-graph\">{\"@context\":\"https:\/\/schema.org\",\"@graph\":[{\"@type\":[\"Article\",\"BlogPosting\"],\"@id\":\"https:\/\/bertrand.pl\/okna-fix\/#article\",\"isPartOf\":{\"@id\":\"https:\/\/bertrand.pl\/okna-fix\/\"},\"author\":{\"name\":\"w.wachnik\",\"@id\":\"https:\/\/bertrand.pl\/#\/schema\/person\/767d70e891d700b2e3c19083f31a484c\"},\"headline\":\"Okna fix &#8211; dlaczego warto je kupi\u0107 dla swojego domu?\",\"datePublished\":\"2024-05-21T10:27:34+00:00\",\"dateModified\":\"2024-12-17T12:41:57+00:00\",\"mainEntityOfPage\":{\"@id\":\"https:\/\/bertrand.pl\/okna-fix\/\"},\"wordCount\":671,\"publisher\":{\"@id\":\"https:\/\/bertrand.pl\/#organization\"},\"image\":{\"@id\":\"https:\/\/bertrand.pl\/okna-fix\/#primaryimage\"},\"thumbnailUrl\":\"https:\/\/bertrand.pl\/wp-content\/uploads\/2024\/05\/drywa_lubowidz-36-scaled.jpg\",\"keywords\":[\"bertrand\",\"fixy\",\"inspiracji\",\"jakie okna wybra\u0107\",\"okna fix\",\"okna nieruchome\",\"okna panoramiczne\",\"okna sta\u0142e\",\"panorama\",\"projekt domu\",\"projektowanie wn\u0119trz\",\"widok\"],\"articleSection\":[\"Blog\",\"Nasze produkty\",\"Z \u017cycia Firmy\"],\"inLanguage\":\"de\"},{\"@type\":\"WebPage\",\"@id\":\"https:\/\/bertrand.pl\/okna-fix\/\",\"url\":\"https:\/\/bertrand.pl\/okna-fix\/\",\"name\":\"Okna fix - dlaczego warto je kupi\u0107 dla swojego domu? - Bertrand. Najwy\u017cszej jako\u015bci okna i drzwi. Certyfikowany producent od 1969 roku.\",\"isPartOf\":{\"@id\":\"https:\/\/bertrand.pl\/#website\"},\"primaryImageOfPage\":{\"@id\":\"https:\/\/bertrand.pl\/okna-fix\/#primaryimage\"},\"image\":{\"@id\":\"https:\/\/bertrand.pl\/okna-fix\/#primaryimage\"},\"thumbnailUrl\":\"https:\/\/bertrand.pl\/wp-content\/uploads\/2024\/05\/drywa_lubowidz-36-scaled.jpg\",\"datePublished\":\"2024-05-21T10:27:34+00:00\",\"dateModified\":\"2024-12-17T12:41:57+00:00\",\"description\":\"Okna fix to rozwi\u0105zanie \u0142\u0105cz\u0105ce funkcjonalno\u015b\u0107 i nowoczesny design. Wn\u0119trza s\u0105 lepiej do\u015bwietlone i zachwycaj\u0105 pi\u0119knymi widokami.\",\"breadcrumb\":{\"@id\":\"https:\/\/bertrand.pl\/okna-fix\/#breadcrumb\"},\"inLanguage\":\"de\",\"potentialAction\":[{\"@type\":\"ReadAction\",\"target\":[\"https:\/\/bertrand.pl\/okna-fix\/\"]}]},{\"@type\":\"ImageObject\",\"inLanguage\":\"de\",\"@id\":\"https:\/\/bertrand.pl\/okna-fix\/#primaryimage\",\"url\":\"https:\/\/bertrand.pl\/wp-content\/uploads\/2024\/05\/drywa_lubowidz-36-scaled.jpg\",\"contentUrl\":\"https:\/\/bertrand.pl\/wp-content\/uploads\/2024\/05\/drywa_lubowidz-36-scaled.jpg\",\"width\":2560,\"height\":1707},{\"@type\":\"BreadcrumbList\",\"@id\":\"https:\/\/bertrand.pl\/okna-fix\/#breadcrumb\",\"itemListElement\":[{\"@type\":\"ListItem\",\"position\":1,\"name\":\"Strona g\u0142\u00f3wna\",\"item\":\"https:\/\/bertrand.pl\/\"},{\"@type\":\"ListItem\",\"position\":2,\"name\":\"Okna fix &#8211; dlaczego warto je kupi\u0107 dla swojego domu?\"}]},{\"@type\":\"WebSite\",\"@id\":\"https:\/\/bertrand.pl\/#website\",\"url\":\"https:\/\/bertrand.pl\/\",\"name\":\"Bertrand.pl\",\"description\":\"Firma Bertrand to certyfikowany i uznany producent najwy\u017cszej jako\u015bci okien z PVC, z drewna lub aluminium. Produkcja drzwi, rolet i bram gara\u017cowych.\",\"publisher\":{\"@id\":\"https:\/\/bertrand.pl\/#organization\"},\"potentialAction\":[{\"@type\":\"SearchAction\",\"target\":{\"@type\":\"EntryPoint\",\"urlTemplate\":\"https:\/\/bertrand.pl\/?s={search_term_string}\"},\"query-input\":{\"@type\":\"PropertyValueSpecification\",\"valueRequired\":true,\"valueName\":\"search_term_string\"}}],\"inLanguage\":\"de\"},{\"@type\":\"Organization\",\"@id\":\"https:\/\/bertrand.pl\/#organization\",\"name\":\"Bertrand.pl\",\"url\":\"https:\/\/bertrand.pl\/\",\"logo\":{\"@type\":\"ImageObject\",\"inLanguage\":\"de\",\"@id\":\"https:\/\/bertrand.pl\/#\/schema\/logo\/image\/\",\"url\":\"https:\/\/bertrand.pl\/wp-content\/uploads\/2024\/12\/logo_BB_TM_PL_black.png\",\"contentUrl\":\"https:\/\/bertrand.pl\/wp-content\/uploads\/2024\/12\/logo_BB_TM_PL_black.png\",\"width\":1831,\"height\":1831,\"caption\":\"Bertrand.pl\"},\"image\":{\"@id\":\"https:\/\/bertrand.pl\/#\/schema\/logo\/image\/\"},\"sameAs\":[\"https:\/\/www.facebook.com\/bertrandpolska\/\",\"https:\/\/www.instagram.com\/bertrand_okna_i_drzwi\/\",\"https:\/\/www.linkedin.com\/company\/bertrand\/\",\"https:\/\/www.tiktok.com\/@bertrand_okna_drzwi\"]},{\"@type\":\"Person\",\"@id\":\"https:\/\/bertrand.pl\/#\/schema\/person\/767d70e891d700b2e3c19083f31a484c\",\"name\":\"w.wachnik\"}]}<\/script>\n<!-- \/ Yoast SEO Premium plugin. -->","yoast_head_json":{"title":"Okna fix - dlaczego warto je kupi\u0107 dla swojego domu? - Bertrand. Najwy\u017cszej jako\u015bci okna i drzwi. Certyfikowany producent od 1969 roku.","description":"Fix-Fenster sind eine L\u00f6sung, die Funktionalit\u00e4t und modernes Design vereint. Die Innenr\u00e4ume sind besser beleuchtet und begeistern mit einer sch\u00f6nen Aussicht.","robots":{"index":"index","follow":"follow","max-snippet":"max-snippet:-1","max-image-preview":"max-image-preview:large","max-video-preview":"max-video-preview:-1"},"canonical":"https:\/\/bertrand.pl\/de\/windows-reparieren\/","og_locale":"de_DE","og_type":"article","og_title":"Okna fix - dlaczego warto je kupi\u0107 dla swojego domu?","og_description":"Okna fix to rozwi\u0105zanie \u0142\u0105cz\u0105ce funkcjonalno\u015b\u0107 i nowoczesny design. Wn\u0119trza s\u0105 lepiej do\u015bwietlone i zachwycaj\u0105 pi\u0119knymi widokami.","og_url":"https:\/\/bertrand.pl\/de\/windows-reparieren\/","og_site_name":"Bertrand. Najwy\u017cszej jako\u015bci okna i drzwi. Certyfikowany producent od 1969 roku.","article_publisher":"https:\/\/www.facebook.com\/bertrandpolska\/","article_published_time":"2024-05-21T10:27:34+00:00","article_modified_time":"2024-12-17T12:41:57+00:00","og_image":[{"width":2560,"height":1707,"url":"https:\/\/bertrand.pl\/wp-content\/uploads\/2024\/05\/drywa_lubowidz-36-scaled.jpg","type":"image\/jpeg"}],"author":"w.wachnik","twitter_card":"summary_large_image","twitter_misc":{"Verfasst von":"w.wachnik","Gesch\u00e4tzte Lesezeit":"5\u00a0Minuten"},"schema":{"@context":"https:\/\/schema.org","@graph":[{"@type":["Article","BlogPosting"],"@id":"https:\/\/bertrand.pl\/okna-fix\/#article","isPartOf":{"@id":"https:\/\/bertrand.pl\/okna-fix\/"},"author":{"name":"w.wachnik","@id":"https:\/\/bertrand.pl\/#\/schema\/person\/767d70e891d700b2e3c19083f31a484c"},"headline":"Okna fix &#8211; dlaczego warto je kupi\u0107 dla swojego domu?","datePublished":"2024-05-21T10:27:34+00:00","dateModified":"2024-12-17T12:41:57+00:00","mainEntityOfPage":{"@id":"https:\/\/bertrand.pl\/okna-fix\/"},"wordCount":671,"publisher":{"@id":"https:\/\/bertrand.pl\/#organization"},"image":{"@id":"https:\/\/bertrand.pl\/okna-fix\/#primaryimage"},"thumbnailUrl":"https:\/\/bertrand.pl\/wp-content\/uploads\/2024\/05\/drywa_lubowidz-36-scaled.jpg","keywords":["bertrand","fixy","inspiracji","jakie okna wybra\u0107","okna fix","okna nieruchome","okna panoramiczne","okna sta\u0142e","panorama","projekt domu","projektowanie wn\u0119trz","widok"],"articleSection":["Blog","Nasze produkty","Z \u017cycia Firmy"],"inLanguage":"de"},{"@type":"WebPage","@id":"https:\/\/bertrand.pl\/okna-fix\/","url":"https:\/\/bertrand.pl\/okna-fix\/","name":"Okna fix - dlaczego warto je kupi\u0107 dla swojego domu? - Bertrand. Najwy\u017cszej jako\u015bci okna i drzwi. Certyfikowany producent od 1969 roku.","isPartOf":{"@id":"https:\/\/bertrand.pl\/#website"},"primaryImageOfPage":{"@id":"https:\/\/bertrand.pl\/okna-fix\/#primaryimage"},"image":{"@id":"https:\/\/bertrand.pl\/okna-fix\/#primaryimage"},"thumbnailUrl":"https:\/\/bertrand.pl\/wp-content\/uploads\/2024\/05\/drywa_lubowidz-36-scaled.jpg","datePublished":"2024-05-21T10:27:34+00:00","dateModified":"2024-12-17T12:41:57+00:00","description":"Fix-Fenster sind eine L\u00f6sung, die Funktionalit\u00e4t und modernes Design vereint. Die Innenr\u00e4ume sind besser beleuchtet und begeistern mit einer sch\u00f6nen Aussicht.","breadcrumb":{"@id":"https:\/\/bertrand.pl\/okna-fix\/#breadcrumb"},"inLanguage":"de","potentialAction":[{"@type":"ReadAction","target":["https:\/\/bertrand.pl\/okna-fix\/"]}]},{"@type":"ImageObject","inLanguage":"de","@id":"https:\/\/bertrand.pl\/okna-fix\/#primaryimage","url":"https:\/\/bertrand.pl\/wp-content\/uploads\/2024\/05\/drywa_lubowidz-36-scaled.jpg","contentUrl":"https:\/\/bertrand.pl\/wp-content\/uploads\/2024\/05\/drywa_lubowidz-36-scaled.jpg","width":2560,"height":1707},{"@type":"BreadcrumbList","@id":"https:\/\/bertrand.pl\/okna-fix\/#breadcrumb","itemListElement":[{"@type":"ListItem","position":1,"name":"Strona g\u0142\u00f3wna","item":"https:\/\/bertrand.pl\/"},{"@type":"ListItem","position":2,"name":"Okna fix &#8211; dlaczego warto je kupi\u0107 dla swojego domu?"}]},{"@type":"WebSite","@id":"https:\/\/bertrand.pl\/#website","url":"https:\/\/bertrand.pl\/","name":"Bertrand.pl","description":"Firma Bertrand to certyfikowany i uznany producent najwy\u017cszej jako\u015bci okien z PVC, z drewna lub aluminium. Produkcja drzwi, rolet i bram gara\u017cowych.","publisher":{"@id":"https:\/\/bertrand.pl\/#organization"},"potentialAction":[{"@type":"SearchAction","target":{"@type":"EntryPoint","urlTemplate":"https:\/\/bertrand.pl\/?s={search_term_string}"},"query-input":{"@type":"PropertyValueSpecification","valueRequired":true,"valueName":"search_term_string"}}],"inLanguage":"de"},{"@type":"Organization","@id":"https:\/\/bertrand.pl\/#organization","name":"Bertrand.pl","url":"https:\/\/bertrand.pl\/","logo":{"@type":"ImageObject","inLanguage":"de","@id":"https:\/\/bertrand.pl\/#\/schema\/logo\/image\/","url":"https:\/\/bertrand.pl\/wp-content\/uploads\/2024\/12\/logo_BB_TM_PL_black.png","contentUrl":"https:\/\/bertrand.pl\/wp-content\/uploads\/2024\/12\/logo_BB_TM_PL_black.png","width":1831,"height":1831,"caption":"Bertrand.pl"},"image":{"@id":"https:\/\/bertrand.pl\/#\/schema\/logo\/image\/"},"sameAs":["https:\/\/www.facebook.com\/bertrandpolska\/","https:\/\/www.instagram.com\/bertrand_okna_i_drzwi\/","https:\/\/www.linkedin.com\/company\/bertrand\/","https:\/\/www.tiktok.com\/@bertrand_okna_drzwi"]},{"@type":"Person","@id":"https:\/\/bertrand.pl\/#\/schema\/person\/767d70e891d700b2e3c19083f31a484c","name":"w.achnik"}]}},"_links":{"self":[{"href":"https:\/\/bertrand.pl\/de\/wp-json\/wp\/v2\/posts\/3808","targetHints":{"allow":["GET"]}}],"collection":[{"href":"https:\/\/bertrand.pl\/de\/wp-json\/wp\/v2\/posts"}],"about":[{"href":"https:\/\/bertrand.pl\/de\/wp-json\/wp\/v2\/types\/post"}],"author":[{"embeddable":true,"href":"https:\/\/bertrand.pl\/de\/wp-json\/wp\/v2\/users\/7"}],"replies":[{"embeddable":true,"href":"https:\/\/bertrand.pl\/de\/wp-json\/wp\/v2\/comments?post=3808"}],"version-history":[{"count":3,"href":"https:\/\/bertrand.pl\/de\/wp-json\/wp\/v2\/posts\/3808\/revisions"}],"predecessor-version":[{"id":5826,"href":"https:\/\/bertrand.pl\/de\/wp-json\/wp\/v2\/posts\/3808\/revisions\/5826"}],"wp:featuredmedia":[{"embeddable":true,"href":"https:\/\/bertrand.pl\/de\/wp-json\/wp\/v2\/media\/3816"}],"wp:attachment":[{"href":"https:\/\/bertrand.pl\/de\/wp-json\/wp\/v2\/media?parent=3808"}],"wp:term":[{"taxonomy":"category","embeddable":true,"href":"https:\/\/bertrand.pl\/de\/wp-json\/wp\/v2\/categories?post=3808"},{"taxonomy":"post_tag","embeddable":true,"href":"https:\/\/bertrand.pl\/de\/wp-json\/wp\/v2\/tags?post=3808"}],"curies":[{"name":"wp","href":"https:\/\/api.w.org\/{rel}","templated":true}]}}