{"id":4148,"date":"2024-07-08T15:28:45","date_gmt":"2024-07-08T13:28:45","guid":{"rendered":"https:\/\/bertrand.pl\/?p=4148"},"modified":"2024-12-17T14:50:43","modified_gmt":"2024-12-17T13:50:43","slug":"portes-fenetres","status":"publish","type":"post","link":"https:\/\/bertrand.pl\/fr\/drzwi-tarasowe\/","title":{"rendered":"Portes-fen\u00eatres : lesquelles conviennent \u00e0 votre maison ?"},"content":{"rendered":"<p>L&#039;\u00e9t\u00e9 bat son plein et cela signifie plus de temps pass\u00e9 \u00e0 l&#039;ext\u00e9rieur, \u00e0 se d\u00e9tendre sur la terrasse ou le balcon. Pour rendre ces moments encore plus agr\u00e9ables, il convient de veiller \u00e0 des portes-fen\u00eatres appropri\u00e9es, qui faciliteront l&#039;acc\u00e8s \u00e0 ces espaces et augmenteront le confort d&#039;utilisation. Nous pr\u00e9senterons quelques questions cl\u00e9s qui vous aideront \u00e0 choisir les portes-fen\u00eatres parfaites.<\/p>\n\n\n\n<figure class=\"wp-block-image size-large is-resized\"><img fetchpriority=\"high\" decoding=\"async\" width=\"1360\" height=\"907\" src=\"https:\/\/bertrand.pl\/wp-content\/uploads\/2024\/07\/winnica_nawrot_pl-10-1360x907.jpg\" alt=\"\" class=\"wp-image-4149\" style=\"width:665px;height:auto\" srcset=\"https:\/\/bertrand.pl\/wp-content\/uploads\/2024\/07\/winnica_nawrot_pl-10-1360x907.jpg 1360w, https:\/\/bertrand.pl\/wp-content\/uploads\/2024\/07\/winnica_nawrot_pl-10-420x280.jpg 420w, https:\/\/bertrand.pl\/wp-content\/uploads\/2024\/07\/winnica_nawrot_pl-10-768x512.jpg 768w, https:\/\/bertrand.pl\/wp-content\/uploads\/2024\/07\/winnica_nawrot_pl-10-1536x1024.jpg 1536w, https:\/\/bertrand.pl\/wp-content\/uploads\/2024\/07\/winnica_nawrot_pl-10-2048x1365.jpg 2048w, https:\/\/bertrand.pl\/wp-content\/uploads\/2024\/07\/winnica_nawrot_pl-10-18x12.jpg 18w, https:\/\/bertrand.pl\/wp-content\/uploads\/2024\/07\/winnica_nawrot_pl-10-600x400.jpg 600w\" sizes=\"(max-width: 1360px) 100vw, 1360px\" \/><\/figure>\n\n\n\n<h4 class=\"wp-block-heading\">J.<strong>Comment choisir la porte patio id\u00e9ale ?<\/strong><\/h4>\n\n\n\n<p>L\u2019\u00e9t\u00e9 est la p\u00e9riode id\u00e9ale pour profiter du temps pass\u00e9 \u00e0 l\u2019ext\u00e9rieur. La terrasse ou le balcon devient alors une extension naturelle de notre maison. Pour profiter au maximum de ces espaces, il vaut la peine d\u2019investir dans des portes-fen\u00eatres adapt\u00e9es. Comment les choisir ? Voici quelques consid\u00e9rations cl\u00e9s pour vous aider \u00e0 prendre la meilleure d\u00e9cision.<\/p>\n\n\n\n<p>Tout d\u2019abord, il convient de rappeler que le choix des portes-fen\u00eatres est une d\u00e9cision qui affecte consid\u00e9rablement \u00e0 la fois la fonctionnalit\u00e9 de notre maison, mais aussi son apparence et son confort. Voici quelques aspects auxquels il faut pr\u00eater attention :<\/p>\n\n\n\n<h3 class=\"wp-block-heading\">Type de portes-fen\u00eatres \u2013 lequel choisir ?<\/h3>\n\n\n\n<p><strong>Portes coulissantes<\/strong><br>Les portes coulissantes sont un excellent choix pour les petits espaces o\u00f9 les portes traditionnelles pourraient g\u00eaner. Gr\u00e2ce \u00e0 leur construction, ils \u00e9conomisent de l&#039;espace et ont en m\u00eame temps un aspect moderne et \u00e9l\u00e9gant. De plus, ils permettent une large ouverture, ce qui permet \u00e0 l&#039;int\u00e9rieur de se connecter harmonieusement \u00e0 l&#039;espace ext\u00e9rieur.<\/p>\n\n\n\n<p><strong>Portes battantes<\/strong><br>Les portes battantes traditionnelles sont une solution solide qui fonctionne bien dans de nombreux types de b\u00e2timents. Elles peuvent s&#039;ouvrir vers l&#039;int\u00e9rieur ou vers l&#039;ext\u00e9rieur, et leur avantage est souvent une meilleure isolation thermique. C&#039;est le choix parfait pour les personnes qui appr\u00e9cient les solutions classiques et \u00e9prouv\u00e9es.<\/p>\n\n\n\n<p><strong>Portes accord\u00e9on<\/strong><br>Si vous avez une grande ouverture de balcon, les portes accord\u00e9on seront un choix parfait. Ils permettent d&#039;ouvrir l&#039;espace sur toute sa largeur, de sorte que l&#039;int\u00e9rieur et la terrasse deviennent une seule zone coh\u00e9rente. C&#039;est une solution parfaite pour les personnes qui souhaitent un maximum de fonctionnalit\u00e9 et d&#039;ouverture.<\/p>\n\n\n\n<hr class=\"wp-block-separator has-alpha-channel-opacity\"\/>\n\n\n\n<h3 class=\"wp-block-heading\">Mat\u00e9riau de porte de terrasse \u2013 lequel choisir ?<\/h3>\n\n\n\n<p><strong>PVC \u2013 pratique et \u00e9conomique<\/strong><br>Les portes en PVC sont l\u2019une des solutions les plus populaires. Ils se caract\u00e9risent par une bonne isolation thermique, un entretien facile et un prix attractif. De plus, ils sont disponibles dans de nombreux coloris, ce qui permet de les adapter \u00e0 tous les styles d&#039;int\u00e9rieur.<\/p>\n\n\n\n<p><strong>Aluminium \u2013 modernit\u00e9 et durabilit\u00e9<\/strong><br>Si vous recherchez des portes pour de grandes surfaces vitr\u00e9es, l&#039;aluminium sera le meilleur choix. C&#039;est un mat\u00e9riau durable, r\u00e9sistant aux intemp\u00e9ries et extr\u00eamement moderne. Il s&#039;int\u00e8gre parfaitement dans l&#039;architecture moderne, offrant \u00e0 la fois l\u00e9g\u00e8ret\u00e9 et durabilit\u00e9.<\/p>\n\n\n\n<p><strong>Bois \u2013 classique et \u00e9l\u00e9gant<\/strong><br>Les portes en bois sont une solution pour les amoureux des mat\u00e9riaux naturels. Ils offrent une excellente isolation thermique et conf\u00e8rent aux int\u00e9rieurs un caract\u00e8re chaleureux et cosy. Il convient toutefois de rappeler que le bois n\u00e9cessite un entretien r\u00e9gulier pour conserver sa belle apparence pendant des ann\u00e9es.<\/p>\n\n\n\n<p><\/p>\n\n\n\n<figure class=\"wp-block-image size-large is-resized\"><img decoding=\"async\" width=\"1360\" height=\"906\" src=\"https:\/\/bertrand.pl\/wp-content\/uploads\/2024\/07\/0408-01-1360x906.jpg\" alt=\"Des portes-fen\u00eatres bien choisies devraient prot\u00e9ger efficacement votre maison contre les pertes de chaleur en hiver et le chauffage excessif en \u00e9t\u00e9. \" class=\"wp-image-4150\" style=\"width:692px;height:auto\" srcset=\"https:\/\/bertrand.pl\/wp-content\/uploads\/2024\/07\/0408-01-1360x906.jpg 1360w, https:\/\/bertrand.pl\/wp-content\/uploads\/2024\/07\/0408-01-420x280.jpg 420w, https:\/\/bertrand.pl\/wp-content\/uploads\/2024\/07\/0408-01-768x512.jpg 768w, https:\/\/bertrand.pl\/wp-content\/uploads\/2024\/07\/0408-01-1536x1024.jpg 1536w, https:\/\/bertrand.pl\/wp-content\/uploads\/2024\/07\/0408-01-18x12.jpg 18w, https:\/\/bertrand.pl\/wp-content\/uploads\/2024\/07\/0408-01-600x400.jpg 600w, https:\/\/bertrand.pl\/wp-content\/uploads\/2024\/07\/0408-01.jpg 2048w\" sizes=\"(max-width: 1360px) 100vw, 1360px\" \/><\/figure>\n\n\n\n<p><strong>Mat\u00e9riel<\/strong>:<\/p>\n\n\n\n<ul class=\"wp-block-list\">\n<li><strong>PVC<\/strong>: Les portes en PVC sont populaires en raison de leur prix bas et de leur bonne isolation thermique. Ils sont faciles \u00e0 entretenir et disponibles dans de nombreux coloris. Il s&#039;agit d&#039;une solution pratique qui fonctionnera dans la plupart des foyers.<\/li>\n<\/ul>\n\n\n\n<ul class=\"wp-block-list\">\n<li><strong>Aluminium<\/strong>: Les portes en aluminium sont tr\u00e8s durables, l\u00e9g\u00e8res et modernes. Parfaits pour les grands vitrages, ils offrent un look moderne et une grande durabilit\u00e9. L\u2019aluminium est \u00e9galement un mat\u00e9riau r\u00e9sistant aux intemp\u00e9ries.<\/li>\n<\/ul>\n\n\n\n<ul class=\"wp-block-list\">\n<li><strong>Bois<\/strong>: Les portes en bois sont une solution classique et \u00e9l\u00e9gante, mais n\u00e9cessitent un entretien r\u00e9gulier. Ils assurent une excellente isolation thermique et conf\u00e8rent aux int\u00e9rieurs un aspect chaleureux et naturel.<\/li>\n<\/ul>\n\n\n\n<p><\/p>\n\n\n\n<h4 class=\"wp-block-heading\">Isolation thermique et acoustique - le confort toute l&#039;ann\u00e9e<\/h4>\n\n\n\n<p>Des portes-fen\u00eatres bien choisies devraient prot\u00e9ger efficacement votre maison contre les pertes de chaleur en hiver et le chauffage excessif en \u00e9t\u00e9. L\u2019isolation acoustique est tout aussi importante, car elle vous permettra de profiter du calme m\u00eame si vous vivez dans une zone bruyante. Il convient de pr\u00eater attention au coefficient de transfert thermique et aux param\u00e8tres d\u2019att\u00e9nuation acoustique.<\/p>\n\n\n\n<hr class=\"wp-block-separator has-alpha-channel-opacity\"\/>\n\n\n\n<h4 class=\"wp-block-heading\">S\u00e9curit\u00e9 \u2013 protection et tranquillit\u00e9 d\u2019esprit<\/h4>\n\n\n\n<p>La s\u00e9curit\u00e9 est un aspect cl\u00e9 lors du choix des portes-fen\u00eatres. Il vaut la peine d\u2019investir dans des serrures solides et une protection anti-effraction suppl\u00e9mentaire. Le verre tremp\u00e9 ou feuillet\u00e9 est un autre \u00e9l\u00e9ment qui augmente le niveau de protection et de s\u00e9curit\u00e9 d&#039;utilisation.<\/p>\n\n\n\n<hr class=\"wp-block-separator has-alpha-channel-opacity\"\/>\n\n\n\n<h4 class=\"wp-block-heading\">Trouvez la porte-fen\u00eatre parfaite dans notre offre<\/h4>\n\n\n\n<p>Nous vous offrons un vaste choix de portes-fen\u00eatres qui sauront r\u00e9pondre \u00e0 toutes vos attentes. Que vous r\u00eaviez de portes coulissantes modernes, de portes battantes classiques ou de portes accord\u00e9on fonctionnelles, nous avons quelque chose pour vous.<\/p>\n\n\n\n<p><strong>Contactez-nous d\u00e8s aujourd&#039;hui et trouvez la porte parfaite pour votre maison !<\/strong><\/p>\n\n\n\n<hr class=\"wp-block-separator has-alpha-channel-opacity\"\/>\n\n\n\n<figure class=\"wp-block-image size-large is-resized\"><img decoding=\"async\" width=\"1360\" height=\"907\" src=\"https:\/\/bertrand.pl\/wp-content\/uploads\/2024\/07\/140823-16-1360x907.jpg\" alt=\"Des portes-fen\u00eatres bien choisies augmenteront \u00e0 la fois le confort de notre appartement et le sentiment de s\u00e9curit\u00e9. \" class=\"wp-image-4151\" style=\"width:656px;height:auto\" srcset=\"https:\/\/bertrand.pl\/wp-content\/uploads\/2024\/07\/140823-16-1360x907.jpg 1360w, https:\/\/bertrand.pl\/wp-content\/uploads\/2024\/07\/140823-16-420x280.jpg 420w, https:\/\/bertrand.pl\/wp-content\/uploads\/2024\/07\/140823-16-768x512.jpg 768w, https:\/\/bertrand.pl\/wp-content\/uploads\/2024\/07\/140823-16-1536x1024.jpg 1536w, https:\/\/bertrand.pl\/wp-content\/uploads\/2024\/07\/140823-16-2048x1365.jpg 2048w, https:\/\/bertrand.pl\/wp-content\/uploads\/2024\/07\/140823-16-18x12.jpg 18w, https:\/\/bertrand.pl\/wp-content\/uploads\/2024\/07\/140823-16-600x400.jpg 600w\" sizes=\"(max-width: 1360px) 100vw, 1360px\" \/><\/figure>\n\n\n\n<p><\/p>","protected":false},"excerpt":{"rendered":"<p>Lato w pe\u0142ni, a to oznacza wi\u0119cej czasu sp\u0119dzanego na \u015bwie\u017cym powietrzu, relaksuj\u0105c si\u0119 na tarasie lub balkonie. Aby te chwile by\u0142y jeszcze przyjemniejsze, warto zadba\u0107 o odpowiednie drzwi tarasowe, kt\u00f3re u\u0142atwi\u0105 nam dost\u0119p do tych przestrzeni oraz podnios\u0105 komfort u\u017cytkowania. Przedstawimy kilka kluczowych kwestii, kt\u00f3re pomog\u0105 wybra\u0107 idealne drzwi tarasowe. Jak wybra\u0107 idealne drzwi [&hellip;]<\/p>\n","protected":false},"author":7,"featured_media":4150,"comment_status":"closed","ping_status":"closed","sticky":false,"template":"","format":"standard","meta":{"site-sidebar-layout":"default","site-content-layout":"","ast-site-content-layout":"default","site-content-style":"default","site-sidebar-style":"default","ast-global-header-display":"","ast-banner-title-visibility":"","ast-main-header-display":"","ast-hfb-above-header-display":"","ast-hfb-below-header-display":"","ast-hfb-mobile-header-display":"","site-post-title":"","ast-breadcrumbs-content":"","ast-featured-img":"","footer-sml-layout":"","ast-disable-related-posts":"","theme-transparent-header-meta":"","adv-header-id-meta":"","stick-header-meta":"","header-above-stick-meta":"","header-main-stick-meta":"","header-below-stick-meta":"","astra-migrate-meta-layouts":"default","ast-page-background-enabled":"default","ast-page-background-meta":{"desktop":{"background-color":"var(--ast-global-color-4)","background-image":"","background-repeat":"repeat","background-position":"center center","background-size":"auto","background-attachment":"scroll","background-type":"","background-media":"","overlay-type":"","overlay-color":"","overlay-opacity":"","overlay-gradient":""},"tablet":{"background-color":"","background-image":"","background-repeat":"repeat","background-position":"center center","background-size":"auto","background-attachment":"scroll","background-type":"","background-media":"","overlay-type":"","overlay-color":"","overlay-opacity":"","overlay-gradient":""},"mobile":{"background-color":"","background-image":"","background-repeat":"repeat","background-position":"center center","background-size":"auto","background-attachment":"scroll","background-type":"","background-media":"","overlay-type":"","overlay-color":"","overlay-opacity":"","overlay-gradient":""}},"ast-content-background-meta":{"desktop":{"background-color":"var(--ast-global-color-5)","background-image":"","background-repeat":"repeat","background-position":"center center","background-size":"auto","background-attachment":"scroll","background-type":"","background-media":"","overlay-type":"","overlay-color":"","overlay-opacity":"","overlay-gradient":""},"tablet":{"background-color":"var(--ast-global-color-5)","background-image":"","background-repeat":"repeat","background-position":"center center","background-size":"auto","background-attachment":"scroll","background-type":"","background-media":"","overlay-type":"","overlay-color":"","overlay-opacity":"","overlay-gradient":""},"mobile":{"background-color":"var(--ast-global-color-5)","background-image":"","background-repeat":"repeat","background-position":"center center","background-size":"auto","background-attachment":"scroll","background-type":"","background-media":"","overlay-type":"","overlay-color":"","overlay-opacity":"","overlay-gradient":""}},"footnotes":""},"categories":[58,157],"tags":[67,62,68,61,527,530,531,528,529,526,252,532,533,266,534],"class_list":["post-4148","post","type-post","status-publish","format-standard","has-post-thumbnail","hentry","category-blog","category-nasze-produkty","tag-aluminium","tag-bertrand","tag-drewno","tag-drzwi","tag-drzwi-balkonowe","tag-drzwi-harmonijkowe","tag-drzwi-na-lata","tag-drzwi-przesuwne","tag-drzwi-rozwierane","tag-drzwi-tarasowe","tag-okna-i-drzwi","tag-producent-drzwi","tag-producent-okien","tag-pvc","tag-stolarka-okienna"],"yoast_head":"<!-- This site is optimized with the Yoast SEO Premium plugin v27.2 (Yoast SEO v27.2) - https:\/\/yoast.com\/product\/yoast-seo-premium-wordpress\/ -->\n<title>Drzwi tarasowe - jakie b\u0119d\u0105 pasowa\u0107 do Twojego domu? - Bertrand. Najwy\u017cszej jako\u015bci okna i drzwi. Certyfikowany producent od 1969 roku.<\/title>\n<meta name=\"description\" content=\"Drzwi tarasowe mog\u0105 by\u0107 naturalnym przed\u0142u\u017ceniem balkonu. Warto wybra\u0107 odpowiednie, by cieszy\u0107 si\u0119 komfortem przez ca\u0142y rok!\" \/>\n<meta name=\"robots\" content=\"index, follow, max-snippet:-1, max-image-preview:large, max-video-preview:-1\" \/>\n<link rel=\"canonical\" href=\"https:\/\/bertrand.pl\/fr\/portes-fenetres\/\" \/>\n<meta property=\"og:locale\" content=\"fr_FR\" \/>\n<meta property=\"og:type\" content=\"article\" \/>\n<meta property=\"og:title\" content=\"Drzwi tarasowe - jakie b\u0119d\u0105 pasowa\u0107 do Twojego domu?\" \/>\n<meta property=\"og:description\" content=\"Drzwi tarasowe mog\u0105 by\u0107 naturalnym przed\u0142u\u017ceniem balkonu. Warto wybra\u0107 odpowiednie, by cieszy\u0107 si\u0119 komfortem przez ca\u0142y rok!\" \/>\n<meta property=\"og:url\" content=\"https:\/\/bertrand.pl\/fr\/portes-fenetres\/\" \/>\n<meta property=\"og:site_name\" content=\"Bertrand. Najwy\u017cszej jako\u015bci okna i drzwi. Certyfikowany producent od 1969 roku.\" \/>\n<meta property=\"article:publisher\" content=\"https:\/\/www.facebook.com\/bertrandpolska\/\" \/>\n<meta property=\"article:published_time\" content=\"2024-07-08T13:28:45+00:00\" \/>\n<meta property=\"article:modified_time\" content=\"2024-12-17T13:50:43+00:00\" \/>\n<meta property=\"og:image\" content=\"https:\/\/bertrand.pl\/wp-content\/uploads\/2024\/07\/0408-01-1360x906.jpg\" \/>\n\t<meta property=\"og:image:width\" content=\"1360\" \/>\n\t<meta property=\"og:image:height\" content=\"906\" \/>\n\t<meta property=\"og:image:type\" content=\"image\/jpeg\" \/>\n<meta name=\"author\" content=\"w.wachnik\" \/>\n<meta name=\"twitter:card\" content=\"summary_large_image\" \/>\n<meta name=\"twitter:label1\" content=\"\u00c9crit par\" \/>\n\t<meta name=\"twitter:data1\" content=\"w.wachnik\" \/>\n\t<meta name=\"twitter:label2\" content=\"Dur\u00e9e de lecture estim\u00e9e\" \/>\n\t<meta name=\"twitter:data2\" content=\"5 minutes\" \/>\n<script type=\"application\/ld+json\" class=\"yoast-schema-graph\">{\"@context\":\"https:\/\/schema.org\",\"@graph\":[{\"@type\":[\"Article\",\"BlogPosting\"],\"@id\":\"https:\/\/bertrand.pl\/drzwi-tarasowe\/#article\",\"isPartOf\":{\"@id\":\"https:\/\/bertrand.pl\/drzwi-tarasowe\/\"},\"author\":{\"name\":\"w.wachnik\",\"@id\":\"https:\/\/bertrand.pl\/#\/schema\/person\/767d70e891d700b2e3c19083f31a484c\"},\"headline\":\"Drzwi tarasowe &#8211; jakie b\u0119d\u0105 pasowa\u0107 do Twojego domu?\",\"datePublished\":\"2024-07-08T13:28:45+00:00\",\"dateModified\":\"2024-12-17T13:50:43+00:00\",\"mainEntityOfPage\":{\"@id\":\"https:\/\/bertrand.pl\/drzwi-tarasowe\/\"},\"wordCount\":742,\"publisher\":{\"@id\":\"https:\/\/bertrand.pl\/#organization\"},\"image\":{\"@id\":\"https:\/\/bertrand.pl\/drzwi-tarasowe\/#primaryimage\"},\"thumbnailUrl\":\"https:\/\/bertrand.pl\/wp-content\/uploads\/2024\/07\/0408-01.jpg\",\"keywords\":[\"aluminium\",\"bertrand\",\"drewno\",\"drzwi\",\"drzwi balkonowe\",\"drzwi harmonijkowe\",\"drzwi na lata\",\"drzwi przesuwne\",\"drzwi rozwierane\",\"drzwi tarasowe\",\"okna i drzwi\",\"producent drzwi\",\"producent okien\",\"pvc\",\"stolarka okienna\"],\"articleSection\":[\"Blog\",\"Nasze produkty\"],\"inLanguage\":\"fr-FR\"},{\"@type\":\"WebPage\",\"@id\":\"https:\/\/bertrand.pl\/drzwi-tarasowe\/\",\"url\":\"https:\/\/bertrand.pl\/drzwi-tarasowe\/\",\"name\":\"Drzwi tarasowe - jakie b\u0119d\u0105 pasowa\u0107 do Twojego domu? - Bertrand. Najwy\u017cszej jako\u015bci okna i drzwi. Certyfikowany producent od 1969 roku.\",\"isPartOf\":{\"@id\":\"https:\/\/bertrand.pl\/#website\"},\"primaryImageOfPage\":{\"@id\":\"https:\/\/bertrand.pl\/drzwi-tarasowe\/#primaryimage\"},\"image\":{\"@id\":\"https:\/\/bertrand.pl\/drzwi-tarasowe\/#primaryimage\"},\"thumbnailUrl\":\"https:\/\/bertrand.pl\/wp-content\/uploads\/2024\/07\/0408-01.jpg\",\"datePublished\":\"2024-07-08T13:28:45+00:00\",\"dateModified\":\"2024-12-17T13:50:43+00:00\",\"description\":\"Drzwi tarasowe mog\u0105 by\u0107 naturalnym przed\u0142u\u017ceniem balkonu. Warto wybra\u0107 odpowiednie, by cieszy\u0107 si\u0119 komfortem przez ca\u0142y rok!\",\"breadcrumb\":{\"@id\":\"https:\/\/bertrand.pl\/drzwi-tarasowe\/#breadcrumb\"},\"inLanguage\":\"fr-FR\",\"potentialAction\":[{\"@type\":\"ReadAction\",\"target\":[\"https:\/\/bertrand.pl\/drzwi-tarasowe\/\"]}]},{\"@type\":\"ImageObject\",\"inLanguage\":\"fr-FR\",\"@id\":\"https:\/\/bertrand.pl\/drzwi-tarasowe\/#primaryimage\",\"url\":\"https:\/\/bertrand.pl\/wp-content\/uploads\/2024\/07\/0408-01.jpg\",\"contentUrl\":\"https:\/\/bertrand.pl\/wp-content\/uploads\/2024\/07\/0408-01.jpg\",\"width\":2048,\"height\":1365},{\"@type\":\"BreadcrumbList\",\"@id\":\"https:\/\/bertrand.pl\/drzwi-tarasowe\/#breadcrumb\",\"itemListElement\":[{\"@type\":\"ListItem\",\"position\":1,\"name\":\"Strona g\u0142\u00f3wna\",\"item\":\"https:\/\/bertrand.pl\/\"},{\"@type\":\"ListItem\",\"position\":2,\"name\":\"Drzwi tarasowe &#8211; jakie b\u0119d\u0105 pasowa\u0107 do Twojego domu?\"}]},{\"@type\":\"WebSite\",\"@id\":\"https:\/\/bertrand.pl\/#website\",\"url\":\"https:\/\/bertrand.pl\/\",\"name\":\"Bertrand.pl\",\"description\":\"Firma Bertrand to certyfikowany i uznany producent najwy\u017cszej jako\u015bci okien z PVC, z drewna lub aluminium. Produkcja drzwi, rolet i bram gara\u017cowych.\",\"publisher\":{\"@id\":\"https:\/\/bertrand.pl\/#organization\"},\"potentialAction\":[{\"@type\":\"SearchAction\",\"target\":{\"@type\":\"EntryPoint\",\"urlTemplate\":\"https:\/\/bertrand.pl\/?s={search_term_string}\"},\"query-input\":{\"@type\":\"PropertyValueSpecification\",\"valueRequired\":true,\"valueName\":\"search_term_string\"}}],\"inLanguage\":\"fr-FR\"},{\"@type\":\"Organization\",\"@id\":\"https:\/\/bertrand.pl\/#organization\",\"name\":\"Bertrand.pl\",\"url\":\"https:\/\/bertrand.pl\/\",\"logo\":{\"@type\":\"ImageObject\",\"inLanguage\":\"fr-FR\",\"@id\":\"https:\/\/bertrand.pl\/#\/schema\/logo\/image\/\",\"url\":\"https:\/\/bertrand.pl\/wp-content\/uploads\/2024\/12\/logo_BB_TM_PL_black.png\",\"contentUrl\":\"https:\/\/bertrand.pl\/wp-content\/uploads\/2024\/12\/logo_BB_TM_PL_black.png\",\"width\":1831,\"height\":1831,\"caption\":\"Bertrand.pl\"},\"image\":{\"@id\":\"https:\/\/bertrand.pl\/#\/schema\/logo\/image\/\"},\"sameAs\":[\"https:\/\/www.facebook.com\/bertrandpolska\/\",\"https:\/\/www.instagram.com\/bertrand_okna_i_drzwi\/\",\"https:\/\/www.linkedin.com\/company\/bertrand\/\",\"https:\/\/www.tiktok.com\/@bertrand_okna_drzwi\"]},{\"@type\":\"Person\",\"@id\":\"https:\/\/bertrand.pl\/#\/schema\/person\/767d70e891d700b2e3c19083f31a484c\",\"name\":\"w.wachnik\"}]}<\/script>\n<!-- \/ Yoast SEO Premium plugin. -->","yoast_head_json":{"title":"Drzwi tarasowe - jakie b\u0119d\u0105 pasowa\u0107 do Twojego domu? - Bertrand. Najwy\u017cszej jako\u015bci okna i drzwi. Certyfikowany producent od 1969 roku.","description":"Les portes-fen\u00eatres peuvent \u00eatre une extension naturelle du balcon. Il vaut la peine de bien choisir pour profiter du confort toute l\u2019ann\u00e9e !","robots":{"index":"index","follow":"follow","max-snippet":"max-snippet:-1","max-image-preview":"max-image-preview:large","max-video-preview":"max-video-preview:-1"},"canonical":"https:\/\/bertrand.pl\/fr\/portes-fenetres\/","og_locale":"fr_FR","og_type":"article","og_title":"Drzwi tarasowe - jakie b\u0119d\u0105 pasowa\u0107 do Twojego domu?","og_description":"Drzwi tarasowe mog\u0105 by\u0107 naturalnym przed\u0142u\u017ceniem balkonu. Warto wybra\u0107 odpowiednie, by cieszy\u0107 si\u0119 komfortem przez ca\u0142y rok!","og_url":"https:\/\/bertrand.pl\/fr\/portes-fenetres\/","og_site_name":"Bertrand. Najwy\u017cszej jako\u015bci okna i drzwi. Certyfikowany producent od 1969 roku.","article_publisher":"https:\/\/www.facebook.com\/bertrandpolska\/","article_published_time":"2024-07-08T13:28:45+00:00","article_modified_time":"2024-12-17T13:50:43+00:00","og_image":[{"width":1360,"height":906,"url":"https:\/\/bertrand.pl\/wp-content\/uploads\/2024\/07\/0408-01-1360x906.jpg","type":"image\/jpeg"}],"author":"w.wachnik","twitter_card":"summary_large_image","twitter_misc":{"\u00c9crit par":"w.wachnik","Dur\u00e9e de lecture estim\u00e9e":"5 minutes"},"schema":{"@context":"https:\/\/schema.org","@graph":[{"@type":["Article","BlogPosting"],"@id":"https:\/\/bertrand.pl\/drzwi-tarasowe\/#article","isPartOf":{"@id":"https:\/\/bertrand.pl\/drzwi-tarasowe\/"},"author":{"name":"w.wachnik","@id":"https:\/\/bertrand.pl\/#\/schema\/person\/767d70e891d700b2e3c19083f31a484c"},"headline":"Drzwi tarasowe &#8211; jakie b\u0119d\u0105 pasowa\u0107 do Twojego domu?","datePublished":"2024-07-08T13:28:45+00:00","dateModified":"2024-12-17T13:50:43+00:00","mainEntityOfPage":{"@id":"https:\/\/bertrand.pl\/drzwi-tarasowe\/"},"wordCount":742,"publisher":{"@id":"https:\/\/bertrand.pl\/#organization"},"image":{"@id":"https:\/\/bertrand.pl\/drzwi-tarasowe\/#primaryimage"},"thumbnailUrl":"https:\/\/bertrand.pl\/wp-content\/uploads\/2024\/07\/0408-01.jpg","keywords":["aluminium","bertrand","drewno","drzwi","drzwi balkonowe","drzwi harmonijkowe","drzwi na lata","drzwi przesuwne","drzwi rozwierane","drzwi tarasowe","okna i drzwi","producent drzwi","producent okien","pvc","stolarka okienna"],"articleSection":["Blog","Nasze produkty"],"inLanguage":"fr-FR"},{"@type":"WebPage","@id":"https:\/\/bertrand.pl\/drzwi-tarasowe\/","url":"https:\/\/bertrand.pl\/drzwi-tarasowe\/","name":"Drzwi tarasowe - jakie b\u0119d\u0105 pasowa\u0107 do Twojego domu? - Bertrand. Najwy\u017cszej jako\u015bci okna i drzwi. Certyfikowany producent od 1969 roku.","isPartOf":{"@id":"https:\/\/bertrand.pl\/#website"},"primaryImageOfPage":{"@id":"https:\/\/bertrand.pl\/drzwi-tarasowe\/#primaryimage"},"image":{"@id":"https:\/\/bertrand.pl\/drzwi-tarasowe\/#primaryimage"},"thumbnailUrl":"https:\/\/bertrand.pl\/wp-content\/uploads\/2024\/07\/0408-01.jpg","datePublished":"2024-07-08T13:28:45+00:00","dateModified":"2024-12-17T13:50:43+00:00","description":"Les portes-fen\u00eatres peuvent \u00eatre une extension naturelle du balcon. Il vaut la peine de bien choisir pour profiter du confort toute l\u2019ann\u00e9e !","breadcrumb":{"@id":"https:\/\/bertrand.pl\/drzwi-tarasowe\/#breadcrumb"},"inLanguage":"fr-FR","potentialAction":[{"@type":"ReadAction","target":["https:\/\/bertrand.pl\/drzwi-tarasowe\/"]}]},{"@type":"ImageObject","inLanguage":"fr-FR","@id":"https:\/\/bertrand.pl\/drzwi-tarasowe\/#primaryimage","url":"https:\/\/bertrand.pl\/wp-content\/uploads\/2024\/07\/0408-01.jpg","contentUrl":"https:\/\/bertrand.pl\/wp-content\/uploads\/2024\/07\/0408-01.jpg","width":2048,"height":1365},{"@type":"BreadcrumbList","@id":"https:\/\/bertrand.pl\/drzwi-tarasowe\/#breadcrumb","itemListElement":[{"@type":"ListItem","position":1,"name":"Strona g\u0142\u00f3wna","item":"https:\/\/bertrand.pl\/"},{"@type":"ListItem","position":2,"name":"Drzwi tarasowe &#8211; jakie b\u0119d\u0105 pasowa\u0107 do Twojego domu?"}]},{"@type":"WebSite","@id":"https:\/\/bertrand.pl\/#website","url":"https:\/\/bertrand.pl\/","name":"Bertrand.pl","description":"Firma Bertrand to certyfikowany i uznany producent najwy\u017cszej jako\u015bci okien z PVC, z drewna lub aluminium. Produkcja drzwi, rolet i bram gara\u017cowych.","publisher":{"@id":"https:\/\/bertrand.pl\/#organization"},"potentialAction":[{"@type":"SearchAction","target":{"@type":"EntryPoint","urlTemplate":"https:\/\/bertrand.pl\/?s={search_term_string}"},"query-input":{"@type":"PropertyValueSpecification","valueRequired":true,"valueName":"search_term_string"}}],"inLanguage":"fr-FR"},{"@type":"Organization","@id":"https:\/\/bertrand.pl\/#organization","name":"Bertrand.pl","url":"https:\/\/bertrand.pl\/","logo":{"@type":"ImageObject","inLanguage":"fr-FR","@id":"https:\/\/bertrand.pl\/#\/schema\/logo\/image\/","url":"https:\/\/bertrand.pl\/wp-content\/uploads\/2024\/12\/logo_BB_TM_PL_black.png","contentUrl":"https:\/\/bertrand.pl\/wp-content\/uploads\/2024\/12\/logo_BB_TM_PL_black.png","width":1831,"height":1831,"caption":"Bertrand.pl"},"image":{"@id":"https:\/\/bertrand.pl\/#\/schema\/logo\/image\/"},"sameAs":["https:\/\/www.facebook.com\/bertrandpolska\/","https:\/\/www.instagram.com\/bertrand_okna_i_drzwi\/","https:\/\/www.linkedin.com\/company\/bertrand\/","https:\/\/www.tiktok.com\/@bertrand_okna_drzwi"]},{"@type":"Person","@id":"https:\/\/bertrand.pl\/#\/schema\/person\/767d70e891d700b2e3c19083f31a484c","name":"w.achnik"}]}},"_links":{"self":[{"href":"https:\/\/bertrand.pl\/fr\/wp-json\/wp\/v2\/posts\/4148","targetHints":{"allow":["GET"]}}],"collection":[{"href":"https:\/\/bertrand.pl\/fr\/wp-json\/wp\/v2\/posts"}],"about":[{"href":"https:\/\/bertrand.pl\/fr\/wp-json\/wp\/v2\/types\/post"}],"author":[{"embeddable":true,"href":"https:\/\/bertrand.pl\/fr\/wp-json\/wp\/v2\/users\/7"}],"replies":[{"embeddable":true,"href":"https:\/\/bertrand.pl\/fr\/wp-json\/wp\/v2\/comments?post=4148"}],"version-history":[{"count":4,"href":"https:\/\/bertrand.pl\/fr\/wp-json\/wp\/v2\/posts\/4148\/revisions"}],"predecessor-version":[{"id":5872,"href":"https:\/\/bertrand.pl\/fr\/wp-json\/wp\/v2\/posts\/4148\/revisions\/5872"}],"wp:featuredmedia":[{"embeddable":true,"href":"https:\/\/bertrand.pl\/fr\/wp-json\/wp\/v2\/media\/4150"}],"wp:attachment":[{"href":"https:\/\/bertrand.pl\/fr\/wp-json\/wp\/v2\/media?parent=4148"}],"wp:term":[{"taxonomy":"category","embeddable":true,"href":"https:\/\/bertrand.pl\/fr\/wp-json\/wp\/v2\/categories?post=4148"},{"taxonomy":"post_tag","embeddable":true,"href":"https:\/\/bertrand.pl\/fr\/wp-json\/wp\/v2\/tags?post=4148"}],"curies":[{"name":"wp","href":"https:\/\/api.w.org\/{rel}","templated":true}]}}